{"id":3019,"date":"2011-11-02T05:02:45","date_gmt":"2011-11-02T04:02:45","guid":{"rendered":"http:\/\/chiusoperrapina.noblogs.org\/?p=3019"},"modified":"2011-11-05T05:12:40","modified_gmt":"2011-11-05T04:12:40","slug":"mi-urlavanoinfame","status":"publish","type":"post","link":"https:\/\/chiusoperrapina.noblogs.org\/?p=3019","title":{"rendered":"Mi urlavano:&#8221;Infame!&#8221;"},"content":{"rendered":"<p>02 novembre 2011<br \/>\nBologna &#8211; Claudio Conti, l&#8217; edicolante del salotto di Bologna, ha parole amare, una brutta storia da raccontare e la vita rovinata dalla paura che possa succedergli qualcosa. Luned\u00ec pomeriggio \u00e8 stato derubato da una coppia di stranieri. \u00c8 riuscito ad acchiapparne uno. Nessuno lo ha aiutato. Anzi: \u00abUrlavano a me &#8220;infame&#8221;. E se non fosse passata per caso una volante, avrei avuto io la peggio\u00bb.\u00a0 Luned\u00ec, alle 18.20, due stranieri si sono avvicinati. \u00abMi hanno chiesto informazioni su un dvd, esposto all&#8217; esterno. Sono uscito per mostrarlo e, ingenuamente, non ho chiuso la porta. Per\u00f2 mi \u00e8 venuto in mente che un collega di via Marconi erano stato derubato nello stesso modo, distratto da due finti clienti che la tiravano in lungo. Purtroppo era cos\u00ec. Un ragazzo \u00e8 rimasto con me, l&#8217; altro si \u00e8 infilato dentro l&#8217; edicola\u00bb. Il giornalaio lo ha raggiunto e lo ha acchiappato, portandoli fuori. Il ladro ha lasciato cadere i 430 euro arraffati dalla cassa &#8211; \u00absapevano che a fine mese si vendono molti abbonamenti mensili\u00bb &#8211; e si \u00e8 messo a gridare: \u00abAiuto, aiuto\u00bb. \u00abSi \u00e8 fermata un bel po&#8217; di gente. Nessuno ha chiamato il 113 o ha chiesto che cosa stesse succedendo. Il contrario. Qualcuno mia ha urlato: &#8220;Sei un infame, te la prendi con un poveretto&#8221;. Per fortuna poi si sono fermati gli agenti di una pattuglia in transito. Fosse successo al Pilastro, dove sono nato e cresciuto, lo avrei capito. Ma nel cuore della citt\u00e0 no, non \u00e8 possibile. E io ho adesso paura che mi prendano di mira. Mi sento male anche all&#8217; idea che dovr\u00f2 andare al processo, la prima volta, in 54 anni di vita\u00bb. Il ladro, un pregiudicato romeno di 25 anni, \u00e8 stato arrestato e accusato di rapina impropria, perch\u00e9 si \u00e8 divincolato. Il complice \u00e8 sparito.<\/p>\n<h5>Ndt. Ti chiedi perch\u00e8 ti hanno dato dell&#8217;infame? Semplice: il ladro ha lasciato cadere i soldi quindi non hai pi\u00f9 avuto il danno. Perch\u00e8 farli arrestare?<\/h5>\n","protected":false},"excerpt":{"rendered":"<p>02 novembre 2011 Bologna &#8211; Claudio Conti, l&#8217; edicolante del salotto di Bologna, ha parole amare, una brutta storia da raccontare e la vita rovinata dalla paura che possa succedergli qualcosa. Luned\u00ec pomeriggio \u00e8 stato derubato da una coppia di &hellip; <a href=\"https:\/\/chiusoperrapina.noblogs.org\/?p=3019\">Continua a leggere<span class=\"meta-nav\">&rarr;<\/span><\/a><\/p>\n","protected":false},"author":1461,"featured_media":0,"comment_status":"open","ping_status":"open","sticky":false,"template":"","format":"standard","meta":{"footnotes":""},"categories":[4],"tags":[52,625,20,216],"class_list":["post-3019","post","type-post","status-publish","format-standard","hentry","category-rapine","tag-arresto","tag-edicola","tag-rapina","tag-solidarieta"],"_links":{"self":[{"href":"https:\/\/chiusoperrapina.noblogs.org\/index.php?rest_route=\/wp\/v2\/posts\/3019","targetHints":{"allow":["GET"]}}],"collection":[{"href":"https:\/\/chiusoperrapina.noblogs.org\/index.php?rest_route=\/wp\/v2\/posts"}],"about":[{"href":"https:\/\/chiusoperrapina.noblogs.org\/index.php?rest_route=\/wp\/v2\/types\/post"}],"author":[{"embeddable":true,"href":"https:\/\/chiusoperrapina.noblogs.org\/index.php?rest_route=\/wp\/v2\/users\/1461"}],"replies":[{"embeddable":true,"href":"https:\/\/chiusoperrapina.noblogs.org\/index.php?rest_route=%2Fwp%2Fv2%2Fcomments&post=3019"}],"version-history":[{"count":2,"href":"https:\/\/chiusoperrapina.noblogs.org\/index.php?rest_route=\/wp\/v2\/posts\/3019\/revisions"}],"predecessor-version":[{"id":3023,"href":"https:\/\/chiusoperrapina.noblogs.org\/index.php?rest_route=\/wp\/v2\/posts\/3019\/revisions\/3023"}],"wp:attachment":[{"href":"https:\/\/chiusoperrapina.noblogs.org\/index.php?rest_route=%2Fwp%2Fv2%2Fmedia&parent=3019"}],"wp:term":[{"taxonomy":"category","embeddable":true,"href":"https:\/\/chiusoperrapina.noblogs.org\/index.php?rest_route=%2Fwp%2Fv2%2Fcategories&post=3019"},{"taxonomy":"post_tag","embeddable":true,"href":"https:\/\/chiusoperrapina.noblogs.org\/index.php?rest_route=%2Fwp%2Fv2%2Ftags&post=3019"}],"curies":[{"name":"wp","href":"https:\/\/api.w.org\/{rel}","templated":true}]}}