{"id":2464,"date":"2011-06-01T22:37:06","date_gmt":"2011-06-01T20:37:06","guid":{"rendered":"http:\/\/chiusoperrapina.noblogs.org\/?p=2464"},"modified":"2011-06-02T01:01:40","modified_gmt":"2011-06-01T23:01:40","slug":"perche-siamo-contro-le-carceri","status":"publish","type":"post","link":"https:\/\/chiusoperrapina.noblogs.org\/?p=2464","title":{"rendered":"Perch\u00e8 siamo contro le carceri?"},"content":{"rendered":"<p>Voglio riproporre un vecchio scritto sempre attuale sulle carceri, sul perch\u00e8 si \u00e8 contro le carceri, contro ogni forma di prigione.<\/p>\n<p><span style=\"text-decoration: underline\"><strong>Perch\u00e8 siamo contro le carceri, tutte le carceri?<\/strong><\/span><br \/>\nDiciamo cose semplici, perch\u00e9 siamo spiriti semplici.<br \/>\nI pensieri, i desideri, i sogni che cerchiamo di esprimere appartengono all\u2019umanit\u00e0 fin dall\u2019alba del suo apparire. Uno stuolo infinito di legislatori, politici, esperti, intellettuali e altri sostenitori di idee autorizzate hanno complicato ad arte le domande, facendo sentire sciocchi e inferiori tante donne e tante uomini che si sono sempre riferiti all\u2019unico libro in cui si pu\u00f2 trovare qualche risposta: quello dell\u2019esperienza vissuta.<br \/>\nCi dicono che il carcere \u00e8 un luogo necessario per punire coloro che trasgrediscono le regole della societ\u00e0.<br \/>\nOra, il concetto di \u201cregola\u201d presuppone che alla base di questa societ\u00e0 ci sia un libero accordo, un insieme di norme volontariamente condivise dagli individui che la compongono. Ma \u00e8 veramente cos\u00ec? <!--more-->I governi rappresentano davvero la volont\u00e0 dei governati? Il povero acconsente di buon grado che il ricco s\u2019ingrassi sul suo lavoro? Il ladro ruberebbe anche se avesse ereditato una fabbrica dal padre o se potesse vivere di rendita?<br \/>\nIn realt\u00e0, per come funziona questa societ\u00e0, possiamo solo decidere come comportarci di fronte a leggi che altri hanno stabilito per noi e che un governo ha imposto all\u2019immensa maggioranza delle donne e degli uomini.<br \/>\nAncora prima di chiedersi, allora, se \u00e8 giusto o meno punire con il carcere chi trasgredisce le regole, bisogna chiedersi: chi decide \u2013 e come \u2013 le regole di questa societ\u00e0?<br \/>\nCi dicono che il carcere ci protegge dalla violenza.<br \/>\nMa \u00e8 cos\u00ec?<br \/>\nCome mai le violenze peggiori \u2013 pensiamo alle guerre o alla fame imposta a milioni di persone \u2013 sono perfettamente legali? Perch\u00e9 si finisce in carcere se si uccide per gelosia ma si fa carriera o si diventa addirittura \u201ceroi\u201d se si bombarda una popolazione intera?<br \/>\nIl carcere punisce solo la violenza che d\u00e0 fastidio allo Stato e ai ricchi, oppure quella che fa comodo presentare come abominevole (ad esempio gli stupri o certi delitti particolarmente efferati). Ma la violenza strutturale della societ\u00e0 \u00e8 quotidianamente protetta dal carcere.<br \/>\nQuante sono le imprese che v\u00ecolano quotidianamente le leggi? Quanti sono i padroni che finiscono in galera?<br \/>\nQuanto ai cosiddetti crimini abominevoli, non vi sembra indicativo che chi batte moneta falsa sia punito molto pi\u00f9 pesantemente di chi commette uno stupro? Ci\u00f2 non appaia strano: la legge deve difendere la propriet\u00e0, non il benessere delle persone.<br \/>\nCi dicono che la legge \u00e8 uguale per tutti.<br \/>\nEppure in carcere ci sono quasi interamente donne e uomini con un basso titolo di studio, immigrati o figli di operai, incarcerati per lo pi\u00f9 per reati contro il patrimonio, cio\u00e8 per azioni profondamente legate alla societ\u00e0 in cui viviamo, alla necessit\u00e0 che la muove da mane a sera: quella di trovare dei soldi. Senza contare che molti prigionieri sarebbero fuori (o a beneficiare delle cosiddette pene alternative) se avessero anche semplicemente i soldi per pagarsi un buon avvocato.<br \/>\nCi dicono che il carcere aiuta a riscattarsi e a reinserirsi nella societ\u00e0.<br \/>\nMa la maggior parte dei detenuti \u00e8 composta da recidivi, dal momento che uscendo trovano le stesse condizioni, o peggio, di quando erano entrati. Inoltre, se c\u2019\u00e8 un modo per impedire che un individuo rifletta sulle proprie azioni, \u00e8 quello di sottoporre queste ultime ad una contabilit\u00e0 penale degna di una fiera: tot reati, tot anni. Quale che sia il crimine commesso, finito di scontare la pena (di \u201cpagare il proprio debito\u201d), perch\u00e9 non dovrebbe sentirsi a posto? Se invece \u00e8 convinto di quello che ha fatto (se \u00e8 un ribelle o un ladro cosciente), cover\u00e0 solo nuovo odio nei confronti di una societ\u00e0 che, pur essendo molto pi\u00f9 criminale di lui, lo ha fatto rinchiudere a chiave. Cosa c\u2019\u00e8 di edificante nel rimanere separati per anni dai propri simili a non fare nulla di appassionante, condannati al trascorrere del tempo, educati a fingere con l\u2019assistente sociale o con lo psicologo, abituati a sottomettersi sempre al superiore?<br \/>\nInfine chiediamoci: questa societ\u00e0 \u00e8 cos\u00ec virtuosa, dispensatrice di valori cos\u00ec elevati e di relazioni cos\u00ec egualitarie da raccomandare di integrarsi al suo interno?<br \/>\nCi dicono che, se non riscatta, il carcere almeno spaventa.<br \/>\nE allora perch\u00e9 i detenuti sono sempre di pi\u00f9? Perch\u00e9 anche qui da noi si fa largo la tendenza a criminalizzare sempre pi\u00f9 comportamenti? Si tratta, evidentemente, di un vero e proprio programma sociale: togliere i poveri dalle strade, investendo al contempo nel grosso affare della detenzione (quante sono le ditte che si arricchiscono con gli appalti di costruzione, con la manutenzione, con le forniture, ecc.?). Negli Stati Uniti, faro della civilt\u00e0 penale, bench\u00e9 i crimini siano in diminuzione, ci sono ormai pi\u00f9 prigionieri che contadini. \u00c8 questa la strada che vogliamo percorrere?<br \/>\nSiamo contro il carcere perch\u00e9 esso \u00e8 nato e si \u00e8 sviluppato per difendere i privilegi dei ricchi e il potere dello Stato.<br \/>\nSiamo contro il carcere perch\u00e9 una societ\u00e0 non pi\u00f9 basata sul denaro e sul profitto, bens\u00ec sulla libert\u00e0 e sulla solidariet\u00e0, non ne avrebbe bisogno.<br \/>\nSiamo contro il carcere perch\u00e9 vogliamo un mondo in cui le regole vengano davvero decise in comune.<br \/>\nSiamo contro il carcere perch\u00e9 anche il crimine pi\u00f9 efferato ci dice qualcosa di noi, delle nostre paure, delle nostre debolezze, e non serve a nulla tenerlo nascosto dietro le mura.<br \/>\nSiamo contro il carcere perch\u00e9 i pi\u00f9 grandi criminali sono quelli che ne detengono le chiavi.<br \/>\nSiamo contro il carcere perch\u00e9 nulla di buono cresce sulla coercizione e sulla sottomissione.<br \/>\nSiamo contro il carcere perch\u00e9 vogliamo trasformare radicalmente questa societ\u00e0 (e quindi trasgredirne le leggi), non integrarci pacificamente nelle sue citt\u00e0, nelle sue fabbriche, nelle sue caserme, nei suoi supermercati.<br \/>\nSiamo contro il carcere perch\u00e9 il rumore della chiave nella toppa della cella \u00e8 una tortura quotidiana, l\u2019isolamento un abominio, la fine del colloquio una sofferenza, il Tempo recluso una clessidra che uccide lentamente.<br \/>\nSiamo contro il carcere perch\u00e9 quello dei secondini \u00e8 sempre un corpo chiuso, pronto a proteggere ogni abuso e ogni violenza, disumanizzato dall\u2019abitudine all\u2019obbedienza e alla delazione.<br \/>\nSiamo contro il carcere perch\u00e9 ci ha strappato troppi giorni, mesi o anni, oppure troppi amici, sconosciuti o compagni.<br \/>\nSiamo contro il carcere perch\u00e9 la gente che abbiamo incontrato dentro non \u00e8 n\u00e9 migliore n\u00e9 peggiore di quella che incrocia la nostra esistenza fuori. (Spesso, a pensarci bene, migliore).<br \/>\nSiamo contro il carcere perch\u00e9 la notizia di un\u2019evasione ci scalda il cuore pi\u00f9 del primo giorno di primavera.<br \/>\nSiamo contro il carcere perch\u00e9 a guardarlo dal buco della serratura il mondo sembra popolato solo da esseri perfidi o sospetti.<br \/>\nSiamo contro il carcere perch\u00e9 il senso del giusto non lo si trover\u00e0 mai in qualche codice.<br \/>\nSiamo contro il carcere perch\u00e9 una societ\u00e0 che ha bisogno di rinchiudere e umiliare \u00e8 essa stessa carcere.<\/p>\n<p><em>Anarchici<\/em><\/p>\n","protected":false},"excerpt":{"rendered":"<p>Voglio riproporre un vecchio scritto sempre attuale sulle carceri, sul perch\u00e8 si \u00e8 contro le carceri, contro ogni forma di prigione. Perch\u00e8 siamo contro le carceri, tutte le carceri? Diciamo cose semplici, perch\u00e9 siamo spiriti semplici. I pensieri, i desideri, &hellip; <a href=\"https:\/\/chiusoperrapina.noblogs.org\/?p=2464\">Continua a leggere<span class=\"meta-nav\">&rarr;<\/span><\/a><\/p>\n","protected":false},"author":1461,"featured_media":0,"comment_status":"open","ping_status":"open","sticky":false,"template":"","format":"standard","meta":{"footnotes":""},"categories":[5],"tags":[62,53],"class_list":["post-2464","post","type-post","status-publish","format-standard","hentry","category-dichiarazioni-interviste-lettere","tag-anarchico","tag-carcere"],"_links":{"self":[{"href":"https:\/\/chiusoperrapina.noblogs.org\/index.php?rest_route=\/wp\/v2\/posts\/2464","targetHints":{"allow":["GET"]}}],"collection":[{"href":"https:\/\/chiusoperrapina.noblogs.org\/index.php?rest_route=\/wp\/v2\/posts"}],"about":[{"href":"https:\/\/chiusoperrapina.noblogs.org\/index.php?rest_route=\/wp\/v2\/types\/post"}],"author":[{"embeddable":true,"href":"https:\/\/chiusoperrapina.noblogs.org\/index.php?rest_route=\/wp\/v2\/users\/1461"}],"replies":[{"embeddable":true,"href":"https:\/\/chiusoperrapina.noblogs.org\/index.php?rest_route=%2Fwp%2Fv2%2Fcomments&post=2464"}],"version-history":[{"count":3,"href":"https:\/\/chiusoperrapina.noblogs.org\/index.php?rest_route=\/wp\/v2\/posts\/2464\/revisions"}],"predecessor-version":[{"id":2466,"href":"https:\/\/chiusoperrapina.noblogs.org\/index.php?rest_route=\/wp\/v2\/posts\/2464\/revisions\/2466"}],"wp:attachment":[{"href":"https:\/\/chiusoperrapina.noblogs.org\/index.php?rest_route=%2Fwp%2Fv2%2Fmedia&parent=2464"}],"wp:term":[{"taxonomy":"category","embeddable":true,"href":"https:\/\/chiusoperrapina.noblogs.org\/index.php?rest_route=%2Fwp%2Fv2%2Fcategories&post=2464"},{"taxonomy":"post_tag","embeddable":true,"href":"https:\/\/chiusoperrapina.noblogs.org\/index.php?rest_route=%2Fwp%2Fv2%2Ftags&post=2464"}],"curies":[{"name":"wp","href":"https:\/\/api.w.org\/{rel}","templated":true}]}}