{"id":240,"date":"2009-06-23T16:27:51","date_gmt":"2009-06-23T14:27:51","guid":{"rendered":"http:\/\/chiusoperrapina.noblogs.autistici.org\/post\/2009\/06\/23\/furto-spaccata-abbigliamento\/"},"modified":"2011-04-10T21:28:14","modified_gmt":"2011-04-10T19:28:14","slug":"furto-spaccata-abbigliamento","status":"publish","type":"post","link":"https:\/\/chiusoperrapina.noblogs.org\/?p=240","title":{"rendered":"Spaccata in un negozio di abbigliamento"},"content":{"rendered":"<p>23 giugno 2009<br \/>\nParma &#8211; Ancora una spaccata al negozio d&#8217;abbigliamento Setti, in via Verdi. Hanno alzato la saracinesca e con alcuni tubi da cantiere hanno mandato in frantumi la vetrina. Poi, come da copione, hanno arraffato tutto ci\u00f2 che capitava loro a tiro: diversi capi firmati e 500 euro dalla cassa. Il colpo \u00e8 stato messo a segno questa notte e il bottino non \u00e8 ancora stato quantificato, ma sembra che si aggiri attorno ai 10 mila euro. <!--more-->La telefonata al titolare \u00e8 arrivata nel cuore della notte, intorno alle 4. Secondo la testimonianza della signora che abita nell&#8217;appartamento sopra al negozio la sirena avrebbe suonato per soli cinque secondi. La donna si \u00e8 affacciata alla finestra e ha visto tre uomini scavalcare il cancello del cantiere dell&#8217;ex Enel. Gli agenti si sono lanciati all&#8217;inseguimento ma, complice il buio, i tre sono riusciti a far perdere le proprie tracce lungo lo scalo ferroviario. La polizia ha continuato le ricerche e all&#8217;interno del palazzo ha ritrovato parte della refurtiva: accatastati in un angolo c&#8217;erano 11 giacche e 9 pantaloni firmati Armani, 3 giacche e 2 braghe di Prada, ma anche una 1 borsa Versace. La merce \u00e8 stata restituita al titolare del negozio. L&#8217;ultima razzia nel negozio di via Verdi risale ad aprile scorso ma l&#8217;outlet di via XX settembre, sempre di propriet\u00e0 di Setti, \u00e8 stata presa di mira meno di un mese fa. In quel caso i ladri avevano messo a segno un colpo da 100mila euro.<\/p>\n","protected":false},"excerpt":{"rendered":"<p>23 giugno 2009 Parma &#8211; Ancora una spaccata al negozio d&#8217;abbigliamento Setti, in via Verdi. Hanno alzato la saracinesca e con alcuni tubi da cantiere hanno mandato in frantumi la vetrina. Poi, come da copione, hanno arraffato tutto ci\u00f2 che &hellip; <a href=\"https:\/\/chiusoperrapina.noblogs.org\/?p=240\">Continua a leggere<span class=\"meta-nav\">&rarr;<\/span><\/a><\/p>\n","protected":false},"author":1461,"featured_media":0,"comment_status":"open","ping_status":"open","sticky":false,"template":"","format":"standard","meta":{"footnotes":""},"categories":[3],"tags":[17,141,133],"class_list":["post-240","post","type-post","status-publish","format-standard","hentry","category-furti","tag-furto","tag-spaccata","tag-vestiti"],"_links":{"self":[{"href":"https:\/\/chiusoperrapina.noblogs.org\/index.php?rest_route=\/wp\/v2\/posts\/240","targetHints":{"allow":["GET"]}}],"collection":[{"href":"https:\/\/chiusoperrapina.noblogs.org\/index.php?rest_route=\/wp\/v2\/posts"}],"about":[{"href":"https:\/\/chiusoperrapina.noblogs.org\/index.php?rest_route=\/wp\/v2\/types\/post"}],"author":[{"embeddable":true,"href":"https:\/\/chiusoperrapina.noblogs.org\/index.php?rest_route=\/wp\/v2\/users\/1461"}],"replies":[{"embeddable":true,"href":"https:\/\/chiusoperrapina.noblogs.org\/index.php?rest_route=%2Fwp%2Fv2%2Fcomments&post=240"}],"version-history":[{"count":2,"href":"https:\/\/chiusoperrapina.noblogs.org\/index.php?rest_route=\/wp\/v2\/posts\/240\/revisions"}],"predecessor-version":[{"id":734,"href":"https:\/\/chiusoperrapina.noblogs.org\/index.php?rest_route=\/wp\/v2\/posts\/240\/revisions\/734"}],"wp:attachment":[{"href":"https:\/\/chiusoperrapina.noblogs.org\/index.php?rest_route=%2Fwp%2Fv2%2Fmedia&parent=240"}],"wp:term":[{"taxonomy":"category","embeddable":true,"href":"https:\/\/chiusoperrapina.noblogs.org\/index.php?rest_route=%2Fwp%2Fv2%2Fcategories&post=240"},{"taxonomy":"post_tag","embeddable":true,"href":"https:\/\/chiusoperrapina.noblogs.org\/index.php?rest_route=%2Fwp%2Fv2%2Ftags&post=240"}],"curies":[{"name":"wp","href":"https:\/\/api.w.org\/{rel}","templated":true}]}}